{"id":1077,"date":"2016-09-04T15:16:02","date_gmt":"2016-09-04T14:16:02","guid":{"rendered":"http:\/\/avb-en-art.com\/?p=1077"},"modified":"2016-09-19T19:02:14","modified_gmt":"2016-09-19T18:02:14","slug":"exposition-journees-patrimoine-2016","status":"publish","type":"post","link":"https:\/\/avb-en-art.com\/es\/exposition-journees-patrimoine-2016\/","title":{"rendered":"Exposition &#8211; Journ\u00e9es du patrimoine 2016"},"content":{"rendered":"[vc_row][vc_column width=\u00bb1\/2&#8243;][az_single_image image=\u00bb1078&#8243; image_mode=\u00bbimg-responsive\u00bb image_alignment=\u00bbaligncenter\u00bb][\/vc_column][vc_column width=\u00bb1\/2&#8243;][az_column_text]\n<p style=\"line-height: 18.0pt;\"><strong><span style=\"font-family: 'Georgia',serif; color: #333333;\">AVB expose les :<\/span><\/strong><span style=\"font-family: 'Georgia',serif; color: #333333;\"><br \/>\nSamedi 17\u00a0Septembre\u00a02016<br \/>\nDimanche 18 Septembre\u00a02016<\/span><\/p>\n<p style=\"line-height: 18.0pt; font-variant-ligatures: normal; font-variant-caps: normal; orphans: 2; text-align: start; widows: 2; -webkit-text-stroke-width: 0px; word-spacing: 0px;\"><span style=\"font-family: 'Georgia',serif; color: #333333;\">aux\u00a0<a href=\"http:\/\/www.journees-du-patrimoine.com\/DEPARTEMENT\/journees-patrimoine-78-yvelines.htm\" target=\"_blank\">Journ\u00e9es du Patrimoine 2016<\/a> \u00e0 Saint Germain en Laye<br \/>\nAVB sera accueillie par <strong>Art et encadrement &#8211;\u00a01a rue Saint Christophe\u00a0\u00e0 Saint Germain en Laye<\/strong><br \/>\n<\/span><\/p>\n<p style=\"line-height: 18.0pt; font-variant-ligatures: normal; font-variant-caps: normal; orphans: 2; text-align: start; widows: 2; -webkit-text-stroke-width: 0px; word-spacing: 0px;\"><strong><span style=\"font-family: 'Georgia',serif; color: #333333;\">L&#8217;exposition :\u00a0<\/span><\/strong><\/p>\n<p style=\"line-height: 18.0pt; font-variant-ligatures: normal; font-variant-caps: normal; orphans: 2; text-align: start; widows: 2; -webkit-text-stroke-width: 0px; word-spacing: 0px;\"><span style=\"font-family: 'Georgia',serif; color: #333333;\">\u201cLes journ\u00e9es europ\u00e9ennes du patrimoine reviennent cette ann\u00e9e pour leur 33\u00e8me \u00e9dition ! Cette ann\u00e9e, l&#8217;\u00e9v\u00e8nement se d\u00e9roulera les 17 et 18 septembre et ne d\u00e9rogeront pas \u00e0 la r\u00e8gle nous promettant encore de belles surprises !<\/span><\/p>\n<p style=\"line-height: 18.0pt; font-variant-ligatures: normal; font-variant-caps: normal; orphans: 2; text-align: start; widows: 2; -webkit-text-stroke-width: 0px; word-spacing: 0px;\"><span style=\"font-family: 'Georgia',serif; color: #333333;\">Le th\u00e8me de l\u2019\u00e9dition 2016 est, \u2026 \u00ab Patrimoine et citoyennet\u00e9 \u00bb<\/span><\/p>\n<p style=\"line-height: 18.0pt; font-variant-ligatures: normal; font-variant-caps: normal; orphans: 2; text-align: start; widows: 2; -webkit-text-stroke-width: 0px; word-spacing: 0px;\"><span style=\"font-family: 'Georgia',serif; color: #333333;\">Pour sa 33\u00e8me \u00e9dition, le th\u00e8me 2016 est \u00ab Patrimoine et citoyennet\u00e9 \u00bb. L&#8217;id\u00e9e forte de ce th\u00e8me est d&#8217;appr\u00e9hender les lieux et les monuments embl\u00e9matiques o\u00f9 la citoyennet\u00e9 s&#8217;est construite et o\u00f9 elle s&#8217;exerce quotidiennement.\u201d<\/span><\/p>\n[\/az_column_text][\/vc_column][\/vc_row]\n","protected":false},"excerpt":{"rendered":"<p>[vc_row][vc_column width=\u00bb1\/2&#8243;][az_single_image image=\u00bb1078&#8243; image_mode=\u00bbimg-responsive\u00bb image_alignment=\u00bbaligncenter\u00bb][\/vc_column][vc_column width=\u00bb1\/2&#8243;][az_column_text] AVB expose les : Samedi 17\u00a0Septembre\u00a02016 Dimanche 18 Septembre\u00a02016 aux\u00a0Journ\u00e9es du Patrimoine 2016 \u00e0 Saint Germain en Laye AVB sera accueillie par Art et encadrement &#8211;\u00a01a rue Saint Christophe\u00a0\u00e0 Saint Germain en Laye L&#8217;exposition :\u00a0 \u201cLes journ\u00e9es europ\u00e9ennes du patrimoine reviennent cette ann\u00e9e pour leur 33\u00e8me \u00e9dition ! Cette [&hellip;]<\/p>\n","protected":false},"author":1,"featured_media":1078,"comment_status":"closed","ping_status":"closed","sticky":false,"template":"","format":"standard","meta":[],"categories":[47],"tags":[],"yoast_head":"<!-- This site is optimized with the Yoast SEO plugin v19.1 - https:\/\/yoast.com\/wordpress\/plugins\/seo\/ -->\n<title>Exposition - Journ\u00e9es du patrimoine 2016<\/title>\n<meta name=\"description\" content=\"AVB sera accueillie par Art et encadrement - 1a rue Saint Christophe \u00e0 Saint Germain en Laye pendant les Journ\u00e9es du patrimoine 2016\" \/>\n<meta name=\"robots\" content=\"index, follow, max-snippet:-1, max-image-preview:large, max-video-preview:-1\" \/>\n<link rel=\"canonical\" href=\"https:\/\/avb-en-art.com\/en\/exposition-journees-patrimoine-2016\/\" \/>\n<meta property=\"og:locale\" content=\"es_ES\" \/>\n<meta property=\"og:type\" content=\"article\" \/>\n<meta property=\"og:title\" content=\"Exposition - Journ\u00e9es du patrimoine 2016\" \/>\n<meta property=\"og:description\" content=\"AVB sera accueillie par Art et encadrement - 1a rue Saint Christophe \u00e0 Saint Germain en Laye pendant les Journ\u00e9es du patrimoine 2016\" \/>\n<meta property=\"og:url\" content=\"https:\/\/avb-en-art.com\/en\/exposition-journees-patrimoine-2016\/\" \/>\n<meta property=\"og:site_name\" content=\"A.V.B.\" \/>\n<meta property=\"article:published_time\" content=\"2016-09-04T14:16:02+00:00\" \/>\n<meta property=\"article:modified_time\" content=\"2016-09-19T18:02:14+00:00\" \/>\n<meta property=\"og:image\" content=\"https:\/\/avb-en-art.com\/wp-content\/uploads\/2016\/09\/jep_2016.jpg\" \/>\n\t<meta property=\"og:image:width\" content=\"332\" \/>\n\t<meta property=\"og:image:height\" content=\"354\" \/>\n\t<meta property=\"og:image:type\" content=\"image\/jpeg\" \/>\n<meta name=\"twitter:card\" content=\"summary\" \/>\n<meta name=\"twitter:label1\" content=\"Escrito por\" \/>\n\t<meta name=\"twitter:data1\" content=\"Nicolas\" \/>\n\t<meta name=\"twitter:label2\" content=\"Tiempo de lectura\" \/>\n\t<meta name=\"twitter:data2\" content=\"1 minuto\" \/>\n<script type=\"application\/ld+json\" class=\"yoast-schema-graph\">{\"@context\":\"https:\/\/schema.org\",\"@graph\":[{\"@type\":\"WebSite\",\"@id\":\"https:\/\/avb-en-art.com\/ca\/#website\",\"url\":\"https:\/\/avb-en-art.com\/ca\/\",\"name\":\"A.V.B.\",\"description\":\"Artiste Peintre\",\"potentialAction\":[{\"@type\":\"SearchAction\",\"target\":{\"@type\":\"EntryPoint\",\"urlTemplate\":\"https:\/\/avb-en-art.com\/ca\/?s={search_term_string}\"},\"query-input\":\"required name=search_term_string\"}],\"inLanguage\":\"es\"},{\"@type\":\"ImageObject\",\"inLanguage\":\"es\",\"@id\":\"https:\/\/avb-en-art.com\/en\/exposition-journees-patrimoine-2016\/#primaryimage\",\"url\":\"https:\/\/avb-en-art.com\/wp-content\/uploads\/2016\/09\/jep_2016.jpg\",\"contentUrl\":\"https:\/\/avb-en-art.com\/wp-content\/uploads\/2016\/09\/jep_2016.jpg\",\"width\":332,\"height\":354},{\"@type\":\"WebPage\",\"@id\":\"https:\/\/avb-en-art.com\/en\/exposition-journees-patrimoine-2016\/#webpage\",\"url\":\"https:\/\/avb-en-art.com\/en\/exposition-journees-patrimoine-2016\/\",\"name\":\"Exposition - Journ\u00e9es du patrimoine 2016\",\"isPartOf\":{\"@id\":\"https:\/\/avb-en-art.com\/ca\/#website\"},\"primaryImageOfPage\":{\"@id\":\"https:\/\/avb-en-art.com\/en\/exposition-journees-patrimoine-2016\/#primaryimage\"},\"datePublished\":\"2016-09-04T14:16:02+00:00\",\"dateModified\":\"2016-09-19T18:02:14+00:00\",\"author\":{\"@id\":\"https:\/\/avb-en-art.com\/ca\/#\/schema\/person\/4132c9dc6b60a28c38772f2f4035048a\"},\"description\":\"AVB sera accueillie par Art et encadrement - 1a rue Saint Christophe \u00e0 Saint Germain en Laye pendant les Journ\u00e9es du patrimoine 2016\",\"breadcrumb\":{\"@id\":\"https:\/\/avb-en-art.com\/en\/exposition-journees-patrimoine-2016\/#breadcrumb\"},\"inLanguage\":\"es\",\"potentialAction\":[{\"@type\":\"ReadAction\",\"target\":[\"https:\/\/avb-en-art.com\/en\/exposition-journees-patrimoine-2016\/\"]}]},{\"@type\":\"BreadcrumbList\",\"@id\":\"https:\/\/avb-en-art.com\/en\/exposition-journees-patrimoine-2016\/#breadcrumb\",\"itemListElement\":[{\"@type\":\"ListItem\",\"position\":1,\"name\":\"Accueil\",\"item\":\"https:\/\/avb-en-art.com\/ca\/\"},{\"@type\":\"ListItem\",\"position\":2,\"name\":\"Exposition &#8211; Journ\u00e9es du patrimoine 2016\"}]},{\"@type\":\"Person\",\"@id\":\"https:\/\/avb-en-art.com\/ca\/#\/schema\/person\/4132c9dc6b60a28c38772f2f4035048a\",\"name\":\"Nicolas\",\"image\":{\"@type\":\"ImageObject\",\"inLanguage\":\"es\",\"@id\":\"https:\/\/avb-en-art.com\/ca\/#\/schema\/person\/image\/\",\"url\":\"https:\/\/secure.gravatar.com\/avatar\/c9a964da8dd42646cdb1f72b4a302cf6?s=96&d=mm&r=g\",\"contentUrl\":\"https:\/\/secure.gravatar.com\/avatar\/c9a964da8dd42646cdb1f72b4a302cf6?s=96&d=mm&r=g\",\"caption\":\"Nicolas\"}}]}<\/script>\n<!-- \/ Yoast SEO plugin. -->","yoast_head_json":{"title":"Exposition - Journ\u00e9es du patrimoine 2016","description":"AVB sera accueillie par Art et encadrement - 1a rue Saint Christophe \u00e0 Saint Germain en Laye pendant les Journ\u00e9es du patrimoine 2016","robots":{"index":"index","follow":"follow","max-snippet":"max-snippet:-1","max-image-preview":"max-image-preview:large","max-video-preview":"max-video-preview:-1"},"canonical":"https:\/\/avb-en-art.com\/en\/exposition-journees-patrimoine-2016\/","og_locale":"es_ES","og_type":"article","og_title":"Exposition - Journ\u00e9es du patrimoine 2016","og_description":"AVB sera accueillie par Art et encadrement - 1a rue Saint Christophe \u00e0 Saint Germain en Laye pendant les Journ\u00e9es du patrimoine 2016","og_url":"https:\/\/avb-en-art.com\/en\/exposition-journees-patrimoine-2016\/","og_site_name":"A.V.B.","article_published_time":"2016-09-04T14:16:02+00:00","article_modified_time":"2016-09-19T18:02:14+00:00","og_image":[{"width":332,"height":354,"url":"https:\/\/avb-en-art.com\/wp-content\/uploads\/2016\/09\/jep_2016.jpg","type":"image\/jpeg"}],"twitter_card":"summary","twitter_misc":{"Escrito por":"Nicolas","Tiempo de lectura":"1 minuto"},"schema":{"@context":"https:\/\/schema.org","@graph":[{"@type":"WebSite","@id":"https:\/\/avb-en-art.com\/ca\/#website","url":"https:\/\/avb-en-art.com\/ca\/","name":"A.V.B.","description":"Artiste Peintre","potentialAction":[{"@type":"SearchAction","target":{"@type":"EntryPoint","urlTemplate":"https:\/\/avb-en-art.com\/ca\/?s={search_term_string}"},"query-input":"required name=search_term_string"}],"inLanguage":"es"},{"@type":"ImageObject","inLanguage":"es","@id":"https:\/\/avb-en-art.com\/en\/exposition-journees-patrimoine-2016\/#primaryimage","url":"https:\/\/avb-en-art.com\/wp-content\/uploads\/2016\/09\/jep_2016.jpg","contentUrl":"https:\/\/avb-en-art.com\/wp-content\/uploads\/2016\/09\/jep_2016.jpg","width":332,"height":354},{"@type":"WebPage","@id":"https:\/\/avb-en-art.com\/en\/exposition-journees-patrimoine-2016\/#webpage","url":"https:\/\/avb-en-art.com\/en\/exposition-journees-patrimoine-2016\/","name":"Exposition - Journ\u00e9es du patrimoine 2016","isPartOf":{"@id":"https:\/\/avb-en-art.com\/ca\/#website"},"primaryImageOfPage":{"@id":"https:\/\/avb-en-art.com\/en\/exposition-journees-patrimoine-2016\/#primaryimage"},"datePublished":"2016-09-04T14:16:02+00:00","dateModified":"2016-09-19T18:02:14+00:00","author":{"@id":"https:\/\/avb-en-art.com\/ca\/#\/schema\/person\/4132c9dc6b60a28c38772f2f4035048a"},"description":"AVB sera accueillie par Art et encadrement - 1a rue Saint Christophe \u00e0 Saint Germain en Laye pendant les Journ\u00e9es du patrimoine 2016","breadcrumb":{"@id":"https:\/\/avb-en-art.com\/en\/exposition-journees-patrimoine-2016\/#breadcrumb"},"inLanguage":"es","potentialAction":[{"@type":"ReadAction","target":["https:\/\/avb-en-art.com\/en\/exposition-journees-patrimoine-2016\/"]}]},{"@type":"BreadcrumbList","@id":"https:\/\/avb-en-art.com\/en\/exposition-journees-patrimoine-2016\/#breadcrumb","itemListElement":[{"@type":"ListItem","position":1,"name":"Accueil","item":"https:\/\/avb-en-art.com\/ca\/"},{"@type":"ListItem","position":2,"name":"Exposition &#8211; Journ\u00e9es du patrimoine 2016"}]},{"@type":"Person","@id":"https:\/\/avb-en-art.com\/ca\/#\/schema\/person\/4132c9dc6b60a28c38772f2f4035048a","name":"Nicolas","image":{"@type":"ImageObject","inLanguage":"es","@id":"https:\/\/avb-en-art.com\/ca\/#\/schema\/person\/image\/","url":"https:\/\/secure.gravatar.com\/avatar\/c9a964da8dd42646cdb1f72b4a302cf6?s=96&d=mm&r=g","contentUrl":"https:\/\/secure.gravatar.com\/avatar\/c9a964da8dd42646cdb1f72b4a302cf6?s=96&d=mm&r=g","caption":"Nicolas"}}]}},"_links":{"self":[{"href":"https:\/\/avb-en-art.com\/es\/wp-json\/wp\/v2\/posts\/1077"}],"collection":[{"href":"https:\/\/avb-en-art.com\/es\/wp-json\/wp\/v2\/posts"}],"about":[{"href":"https:\/\/avb-en-art.com\/es\/wp-json\/wp\/v2\/types\/post"}],"author":[{"embeddable":true,"href":"https:\/\/avb-en-art.com\/es\/wp-json\/wp\/v2\/users\/1"}],"replies":[{"embeddable":true,"href":"https:\/\/avb-en-art.com\/es\/wp-json\/wp\/v2\/comments?post=1077"}],"version-history":[{"count":9,"href":"https:\/\/avb-en-art.com\/es\/wp-json\/wp\/v2\/posts\/1077\/revisions"}],"predecessor-version":[{"id":1087,"href":"https:\/\/avb-en-art.com\/es\/wp-json\/wp\/v2\/posts\/1077\/revisions\/1087"}],"wp:featuredmedia":[{"embeddable":true,"href":"https:\/\/avb-en-art.com\/es\/wp-json\/wp\/v2\/media\/1078"}],"wp:attachment":[{"href":"https:\/\/avb-en-art.com\/es\/wp-json\/wp\/v2\/media?parent=1077"}],"wp:term":[{"taxonomy":"category","embeddable":true,"href":"https:\/\/avb-en-art.com\/es\/wp-json\/wp\/v2\/categories?post=1077"},{"taxonomy":"post_tag","embeddable":true,"href":"https:\/\/avb-en-art.com\/es\/wp-json\/wp\/v2\/tags?post=1077"}],"curies":[{"name":"wp","href":"https:\/\/api.w.org\/{rel}","templated":true}]}}