{"id":1227,"date":"2017-03-31T10:00:19","date_gmt":"2017-03-31T09:00:19","guid":{"rendered":"http:\/\/avb-en-art.com\/?p=1227"},"modified":"2017-05-03T15:45:43","modified_gmt":"2017-05-03T14:45:43","slug":"journees-europeennes-metiers-dart","status":"publish","type":"post","link":"https:\/\/avb-en-art.com\/ca\/journees-europeennes-metiers-dart\/","title":{"rendered":"Journ\u00e9es Europ\u00e9ennes des m\u00e9tiers d\u2019art"},"content":{"rendered":"<p class=\"qtranxs-available-languages-message qtranxs-available-languages-message-ca\">Ho sentim, aquesta entrada es troba disponible \u00fanicament en <a href=\"https:\/\/avb-en-art.com\/fr\/wp-json\/wp\/v2\/posts\/1227\" class=\"qtranxs-available-language-link qtranxs-available-language-link-fr\" title=\"Fran\u00e7ais\">Franc\u00e8s<\/a>.<\/p>","protected":false},"excerpt":{"rendered":"<p>Ho sentim, aquesta entrada es troba disponible \u00fanicament en Franc\u00e8s.<\/p>\n","protected":false},"author":1,"featured_media":1228,"comment_status":"closed","ping_status":"closed","sticky":false,"template":"","format":"standard","meta":[],"categories":[47],"tags":[],"yoast_head":"<!-- This site is optimized with the Yoast SEO plugin v19.1 - https:\/\/yoast.com\/wordpress\/plugins\/seo\/ -->\n<title>Journ\u00e9es Europ\u00e9ennes des m\u00e9tiers d\u2019art - A.V.B.<\/title>\n<meta name=\"robots\" content=\"index, follow, max-snippet:-1, max-image-preview:large, max-video-preview:-1\" \/>\n<link rel=\"canonical\" href=\"https:\/\/avb-en-art.com\/en\/journees-europeennes-metiers-dart\/\" \/>\n<meta property=\"og:locale\" content=\"ca_ES\" \/>\n<meta property=\"og:type\" content=\"article\" \/>\n<meta property=\"og:title\" content=\"Journ\u00e9es Europ\u00e9ennes des m\u00e9tiers d\u2019art - A.V.B.\" \/>\n<meta property=\"og:description\" content=\"Ho sentim, aquesta entrada es troba disponible \u00fanicament en Franc\u00e8s.\" \/>\n<meta property=\"og:url\" content=\"https:\/\/avb-en-art.com\/en\/journees-europeennes-metiers-dart\/\" \/>\n<meta property=\"og:site_name\" content=\"A.V.B.\" \/>\n<meta property=\"article:published_time\" content=\"2017-03-31T09:00:19+00:00\" \/>\n<meta property=\"article:modified_time\" content=\"2017-05-03T14:45:43+00:00\" \/>\n<meta property=\"og:image\" content=\"https:\/\/avb-en-art.com\/wp-content\/uploads\/2017\/03\/JOURNEES-EUROPEENNES-DES-METIERS-DARTS.png\" \/>\n\t<meta property=\"og:image:width\" content=\"555\" \/>\n\t<meta property=\"og:image:height\" content=\"569\" \/>\n\t<meta property=\"og:image:type\" content=\"image\/png\" \/>\n<meta name=\"twitter:card\" content=\"summary\" \/>\n<meta name=\"twitter:label1\" content=\"Escrit per\" \/>\n\t<meta name=\"twitter:data1\" content=\"Nicolas\" \/>\n<script type=\"application\/ld+json\" class=\"yoast-schema-graph\">{\"@context\":\"https:\/\/schema.org\",\"@graph\":[{\"@type\":\"WebSite\",\"@id\":\"https:\/\/avb-en-art.com\/ca\/#website\",\"url\":\"https:\/\/avb-en-art.com\/ca\/\",\"name\":\"A.V.B.\",\"description\":\"Artiste Peintre\",\"potentialAction\":[{\"@type\":\"SearchAction\",\"target\":{\"@type\":\"EntryPoint\",\"urlTemplate\":\"https:\/\/avb-en-art.com\/ca\/?s={search_term_string}\"},\"query-input\":\"required name=search_term_string\"}],\"inLanguage\":\"ca\"},{\"@type\":\"ImageObject\",\"inLanguage\":\"ca\",\"@id\":\"https:\/\/avb-en-art.com\/en\/journees-europeennes-metiers-dart\/#primaryimage\",\"url\":\"https:\/\/avb-en-art.com\/wp-content\/uploads\/2017\/03\/JOURNEES-EUROPEENNES-DES-METIERS-DARTS.png\",\"contentUrl\":\"https:\/\/avb-en-art.com\/wp-content\/uploads\/2017\/03\/JOURNEES-EUROPEENNES-DES-METIERS-DARTS.png\",\"width\":555,\"height\":569},{\"@type\":\"WebPage\",\"@id\":\"https:\/\/avb-en-art.com\/en\/journees-europeennes-metiers-dart\/#webpage\",\"url\":\"https:\/\/avb-en-art.com\/en\/journees-europeennes-metiers-dart\/\",\"name\":\"Journ\u00e9es Europ\u00e9ennes des m\u00e9tiers d\u2019art - A.V.B.\",\"isPartOf\":{\"@id\":\"https:\/\/avb-en-art.com\/ca\/#website\"},\"primaryImageOfPage\":{\"@id\":\"https:\/\/avb-en-art.com\/en\/journees-europeennes-metiers-dart\/#primaryimage\"},\"datePublished\":\"2017-03-31T09:00:19+00:00\",\"dateModified\":\"2017-05-03T14:45:43+00:00\",\"author\":{\"@id\":\"https:\/\/avb-en-art.com\/ca\/#\/schema\/person\/4132c9dc6b60a28c38772f2f4035048a\"},\"breadcrumb\":{\"@id\":\"https:\/\/avb-en-art.com\/en\/journees-europeennes-metiers-dart\/#breadcrumb\"},\"inLanguage\":\"ca\",\"potentialAction\":[{\"@type\":\"ReadAction\",\"target\":[\"https:\/\/avb-en-art.com\/en\/journees-europeennes-metiers-dart\/\"]}]},{\"@type\":\"BreadcrumbList\",\"@id\":\"https:\/\/avb-en-art.com\/en\/journees-europeennes-metiers-dart\/#breadcrumb\",\"itemListElement\":[{\"@type\":\"ListItem\",\"position\":1,\"name\":\"Accueil\",\"item\":\"https:\/\/avb-en-art.com\/ca\/\"},{\"@type\":\"ListItem\",\"position\":2,\"name\":\"Journ\u00e9es Europ\u00e9ennes des m\u00e9tiers d\u2019art\"}]},{\"@type\":\"Person\",\"@id\":\"https:\/\/avb-en-art.com\/ca\/#\/schema\/person\/4132c9dc6b60a28c38772f2f4035048a\",\"name\":\"Nicolas\",\"image\":{\"@type\":\"ImageObject\",\"inLanguage\":\"ca\",\"@id\":\"https:\/\/avb-en-art.com\/ca\/#\/schema\/person\/image\/\",\"url\":\"https:\/\/secure.gravatar.com\/avatar\/c9a964da8dd42646cdb1f72b4a302cf6?s=96&d=mm&r=g\",\"contentUrl\":\"https:\/\/secure.gravatar.com\/avatar\/c9a964da8dd42646cdb1f72b4a302cf6?s=96&d=mm&r=g\",\"caption\":\"Nicolas\"}}]}<\/script>\n<!-- \/ Yoast SEO plugin. -->","yoast_head_json":{"title":"Journ\u00e9es Europ\u00e9ennes des m\u00e9tiers d\u2019art - A.V.B.","robots":{"index":"index","follow":"follow","max-snippet":"max-snippet:-1","max-image-preview":"max-image-preview:large","max-video-preview":"max-video-preview:-1"},"canonical":"https:\/\/avb-en-art.com\/en\/journees-europeennes-metiers-dart\/","og_locale":"ca_ES","og_type":"article","og_title":"Journ\u00e9es Europ\u00e9ennes des m\u00e9tiers d\u2019art - A.V.B.","og_description":"Ho sentim, aquesta entrada es troba disponible \u00fanicament en Franc\u00e8s.","og_url":"https:\/\/avb-en-art.com\/en\/journees-europeennes-metiers-dart\/","og_site_name":"A.V.B.","article_published_time":"2017-03-31T09:00:19+00:00","article_modified_time":"2017-05-03T14:45:43+00:00","og_image":[{"width":555,"height":569,"url":"https:\/\/avb-en-art.com\/wp-content\/uploads\/2017\/03\/JOURNEES-EUROPEENNES-DES-METIERS-DARTS.png","type":"image\/png"}],"twitter_card":"summary","twitter_misc":{"Escrit per":"Nicolas"},"schema":{"@context":"https:\/\/schema.org","@graph":[{"@type":"WebSite","@id":"https:\/\/avb-en-art.com\/ca\/#website","url":"https:\/\/avb-en-art.com\/ca\/","name":"A.V.B.","description":"Artiste Peintre","potentialAction":[{"@type":"SearchAction","target":{"@type":"EntryPoint","urlTemplate":"https:\/\/avb-en-art.com\/ca\/?s={search_term_string}"},"query-input":"required name=search_term_string"}],"inLanguage":"ca"},{"@type":"ImageObject","inLanguage":"ca","@id":"https:\/\/avb-en-art.com\/en\/journees-europeennes-metiers-dart\/#primaryimage","url":"https:\/\/avb-en-art.com\/wp-content\/uploads\/2017\/03\/JOURNEES-EUROPEENNES-DES-METIERS-DARTS.png","contentUrl":"https:\/\/avb-en-art.com\/wp-content\/uploads\/2017\/03\/JOURNEES-EUROPEENNES-DES-METIERS-DARTS.png","width":555,"height":569},{"@type":"WebPage","@id":"https:\/\/avb-en-art.com\/en\/journees-europeennes-metiers-dart\/#webpage","url":"https:\/\/avb-en-art.com\/en\/journees-europeennes-metiers-dart\/","name":"Journ\u00e9es Europ\u00e9ennes des m\u00e9tiers d\u2019art - A.V.B.","isPartOf":{"@id":"https:\/\/avb-en-art.com\/ca\/#website"},"primaryImageOfPage":{"@id":"https:\/\/avb-en-art.com\/en\/journees-europeennes-metiers-dart\/#primaryimage"},"datePublished":"2017-03-31T09:00:19+00:00","dateModified":"2017-05-03T14:45:43+00:00","author":{"@id":"https:\/\/avb-en-art.com\/ca\/#\/schema\/person\/4132c9dc6b60a28c38772f2f4035048a"},"breadcrumb":{"@id":"https:\/\/avb-en-art.com\/en\/journees-europeennes-metiers-dart\/#breadcrumb"},"inLanguage":"ca","potentialAction":[{"@type":"ReadAction","target":["https:\/\/avb-en-art.com\/en\/journees-europeennes-metiers-dart\/"]}]},{"@type":"BreadcrumbList","@id":"https:\/\/avb-en-art.com\/en\/journees-europeennes-metiers-dart\/#breadcrumb","itemListElement":[{"@type":"ListItem","position":1,"name":"Accueil","item":"https:\/\/avb-en-art.com\/ca\/"},{"@type":"ListItem","position":2,"name":"Journ\u00e9es Europ\u00e9ennes des m\u00e9tiers d\u2019art"}]},{"@type":"Person","@id":"https:\/\/avb-en-art.com\/ca\/#\/schema\/person\/4132c9dc6b60a28c38772f2f4035048a","name":"Nicolas","image":{"@type":"ImageObject","inLanguage":"ca","@id":"https:\/\/avb-en-art.com\/ca\/#\/schema\/person\/image\/","url":"https:\/\/secure.gravatar.com\/avatar\/c9a964da8dd42646cdb1f72b4a302cf6?s=96&d=mm&r=g","contentUrl":"https:\/\/secure.gravatar.com\/avatar\/c9a964da8dd42646cdb1f72b4a302cf6?s=96&d=mm&r=g","caption":"Nicolas"}}]}},"_links":{"self":[{"href":"https:\/\/avb-en-art.com\/ca\/wp-json\/wp\/v2\/posts\/1227"}],"collection":[{"href":"https:\/\/avb-en-art.com\/ca\/wp-json\/wp\/v2\/posts"}],"about":[{"href":"https:\/\/avb-en-art.com\/ca\/wp-json\/wp\/v2\/types\/post"}],"author":[{"embeddable":true,"href":"https:\/\/avb-en-art.com\/ca\/wp-json\/wp\/v2\/users\/1"}],"replies":[{"embeddable":true,"href":"https:\/\/avb-en-art.com\/ca\/wp-json\/wp\/v2\/comments?post=1227"}],"version-history":[{"count":3,"href":"https:\/\/avb-en-art.com\/ca\/wp-json\/wp\/v2\/posts\/1227\/revisions"}],"predecessor-version":[{"id":1231,"href":"https:\/\/avb-en-art.com\/ca\/wp-json\/wp\/v2\/posts\/1227\/revisions\/1231"}],"wp:featuredmedia":[{"embeddable":true,"href":"https:\/\/avb-en-art.com\/ca\/wp-json\/wp\/v2\/media\/1228"}],"wp:attachment":[{"href":"https:\/\/avb-en-art.com\/ca\/wp-json\/wp\/v2\/media?parent=1227"}],"wp:term":[{"taxonomy":"category","embeddable":true,"href":"https:\/\/avb-en-art.com\/ca\/wp-json\/wp\/v2\/categories?post=1227"},{"taxonomy":"post_tag","embeddable":true,"href":"https:\/\/avb-en-art.com\/ca\/wp-json\/wp\/v2\/tags?post=1227"}],"curies":[{"name":"wp","href":"https:\/\/api.w.org\/{rel}","templated":true}]}}